{"id":12673069,"date":"2026-03-17T06:54:39","date_gmt":"2026-03-17T05:54:39","guid":{"rendered":"https:\/\/seminarhotels-schweiz.com\/de\/?p=12673069"},"modified":"2026-03-17T06:54:39","modified_gmt":"2026-03-17T05:54:39","slug":"zug-smart-city-nachhaltigkeit-nachhaltige-und-vernetzte-locations-fur-smarte-eventkonzepte","status":"publish","type":"post","link":"https:\/\/luzern-seminarhotels.ch\/de\/news\/zug-smart-city-nachhaltigkeit-nachhaltige-und-vernetzte-locations-fuer-smarte-eventkonzepte\/","title":{"rendered":"Zug \u2013 Smart City &#038; Nachhaltigkeit: Nachhaltige und vernetzte Locations f\u00fcr smarte Eventkonzepte"},"content":{"rendered":"<p>25 Minuten von Z\u00fcrich, 30 Minuten von Luzern, direkter Bahnhof im Stadtzentrum: Kanton Zug liegt geografisch im Herz der Deutschschweiz.<\/p>\n<p>Die Tagungsinfrastruktur reicht vom Seminarhotel am See bis zum urbanen Konferenzzentrum. Und die Stadt selbst betreibt Digitalisierung und Nachhaltigkeit als kommunale Strategie \u2013 mit messbaren Projekten, nicht mit Absichtserkl\u00e4rungen.<\/p>\n<p>Was Zug von anderen Tagungsstandorten in der Zentralschweiz unterscheidet, ist die Dichte. Kurze Wege zwischen Bahnhof, Hotels und Veranstaltungsorten, eine international ausgerichtete Unternehmenslandschaft und eine Naturkulisse \u2013 Zugersee, \u00c4gerisee, Zugerberg \u2013 die Rahmenprogramme und Pausen aufwertet, ohne dass daf\u00fcr ein Bus gechartert werden muss. F\u00fcr Eventplanerinnen und Eventplaner bedeutet das: weniger Koordinationsaufwand, mehr Spielraum im Programm.<\/p>\n<h2>Tagungsstandort Zug: Was die Region konkret bietet<\/h2>\n<p>Kanton Zug verf\u00fcgt \u00fcber eine formell verankerte Smart-City-Strategie mit installiertem Klimasensornetz, digitalem CO\u2082-Tracking f\u00fcr Geb\u00e4ude und dem Ausbau erneuerbarer Energien. F\u00fcr Unternehmen, die Veranstaltungen zu Digitalisierung, Innovation oder nachhaltiger Wirtschaft ausrichten, ist die inhaltliche Passung damit bereits in der Standortwahl angelegt.<\/p>\n<p>Hinzu kommt das Crypto Valley: \u00dcber 1.100 Blockchain- und Technologieunternehmen sind in der Region ans\u00e4ssig \u2013 eines der dichtesten Tech-\u00d6kosysteme Europas. Meetings, Branchenevents und Fachkonferenzen finden hier ein Umfeld, das Netzwerkpotenzial mitbringt, bevor das Programm beginnt.<\/p>\n<h2>Die besten Seminarhotels und Eventlocations in Zug<\/h2>\n<h3>Tagungen am See: SeminarHotel am \u00c4gerisee &amp; Parkhotel Zug<\/h3>\n<p>F\u00fcr mehrt\u00e4gige Klausurtagungen, Weiterbildungen und Workshops mit \u00dcbernachtungsbedarf bietet der Kanton zwei starke Seminarhotels. Das <strong>SeminarHotel am \u00c4gerisee<\/strong> in Unter\u00e4geri liegt direkt am Wasser, bietet 14 Seminarr\u00e4ume f\u00fcr bis zu 250 Personen und die r\u00e4umliche Distanz zur Stadt, die fokussierte Formate brauchen. Das <a href=\"https:\/\/seminarhotelsschweiz.ch\/deu\/hotel\/zug\/parkhotel-zug\"><strong>Parkhotel Zug<\/strong><\/a> kombiniert Zentrumslage \u2013 drei Minuten vom Bahnhof \u2013 mit Panoramablick auf die Zentralschweizer Alpen und Seminar-Pauschalen inklusive \u00dcbernachtung.<\/p>\n<p>Beide H\u00e4user eignen sich f\u00fcr Formate, bei denen Anreise, Tagung und \u00dcbernachtung aus einer Hand organisiert werden sollen.<\/p>\n<h3>Flexible Eventfl\u00e4chen: Freiruum\/Zwischenshed &amp; Theater Casino Zug<\/h3>\n<p>Wer gr\u00f6\u00dfere Konferenzen, Firmenevents oder Produktlaunches plant, hat in Zug zwei bew\u00e4hrte Adressen. Das <strong>Freiruum\/Zwischenshed<\/strong> ist eine umgenutzte Industriehalle im Stadtzentrum mit \u00fcber 1.600 m\u00b2 Hauptfl\u00e4che und acht erg\u00e4nzenden R\u00e4umen \u2013 ideal f\u00fcr Tagungen, bei denen Haupt- und Rahmenprogramm ohne Ortswechsel stattfinden sollen. Das <strong>Theater Casino Zug<\/strong> deckt das klassische Kongress- und Galaformat ab: vier S\u00e4le f\u00fcr 5 bis 600 Personen, Seeblick, erprobte Technik.<\/p>\n<h3>Tech-Fokus und Networking: CV Labs &amp; Dialoghotel Eckstein<\/h3>\n<p>F\u00fcr Seminare, Workshops und Branchenevents bis 150 Personen in einem aktiven Innovationsumfeld ist <strong>CV Labs<\/strong> \u2013 zwei Minuten vom Bahnhof \u2013 die thematisch stimmigste Wahl. Das <strong>Dialoghotel Eckstein<\/strong> in Baar bietet f\u00fcnf modulare R\u00e4ume f\u00fcr bis zu 170Personen und eignet sich besonders f\u00fcr Klausurtagungen, bei denen das Format selbst im Vordergrund steht: ruhige Lage, direkter Busanschluss, 30 Minuten von Z\u00fcrich und Luzern.<\/p>\n<h3>Exklusiv und unvergesslich: Events auf dem Zugersee<\/h3>\n<p>Die Schiffe <strong>MS Zug<\/strong> und <strong>MS Rigi<\/strong> sind kein Ersatz f\u00fcr eine klassische Tagung \u2013 aber ein wirkungsvoller Rahmen f\u00fcr Networking-Dinner, Kick-offs oder exklusive Abendveranstaltungen. Per \u00d6V erreichbar, ohne Autoverkehr, mit dem Bergpanorama als B\u00fchnenbild.<\/p>\n<h2>Nachhaltige Eventplanung in Zug: Was konkret m\u00f6glich ist<\/h2>\n<p>Zug Tourismus hat einen Leitfaden f\u00fcr nachhaltige Veranstaltungen entwickelt. Die Punkte, die tats\u00e4chlich einen Unterschied machen: Locations nach \u00d6V-Anbindung ausw\u00e4hlen, lokale Anbieter und Betriebe mit Nachhaltigkeitslabel priorisieren, Verpflegung auf regionale Produkte und pr\u00e4zise Mengenplanung ausrichten. In Verbindung mit der bestehenden Stadtinfrastruktur \u2013 CO\u2082-Tracking, Sensornetz, Ausbau Fernw\u00e4rme \u2013 l\u00e4sst sich die Nachhaltigkeitsbilanz eines Events in Zug belastbar kommunizieren, nicht nur behaupten.<\/p>\n<h2>Jetzt die passende Tagungslocation in Zug finden<\/h2>\n<p>Die <a href=\"https:\/\/miceservice.ch\/home\">MICE Service Group<\/a> vermittelt Seminarhotels und Eventlocations in Zug und der gesamten Zentralschweiz \u2013 unabh\u00e4ngig, und mit direktem Zugang zu gepr\u00fcften H\u00e4usern. Sie beschreiben Ihr Format, Ihre Teilnehmerzahl und Ihre Anforderungen \u2013 wir liefern Ihnen passende Angebote und begleiten Sie bis zur Buchung.<\/p>\n<p>Ob Klausurtagung am \u00c4gerisee, Konferenz im Stadtzentrum oder mehrt\u00e4giges Seminar mit Rahmenprogramm: Die richtige Location f\u00fcr Ihre Veranstaltung in Zug finden Sie schneller mit professioneller Unterst\u00fctzung.<\/p>\n<p><!-- notionvc: d1935674-2591-47e1-856e-cf0db2453b31 --><\/p>","protected":false},"excerpt":{"rendered":"<p>25 Minuten von Z\u00fcrich, 30 Minuten von Luzern, direkter Bahnhof im Stadtzentrum: Kanton Zug liegt geografisch im Herz der Deutschschweiz. Die Tagungsinfrastruktur reicht vom Seminarhotel am See bis zum urbanen Konferenzzentrum. Und die Stadt selbst betreibt Digitalisierung und Nachhaltigkeit als kommunale Strategie \u2013 mit messbaren Projekten, nicht mit Absichtserkl\u00e4rungen. Was Zug von anderen Tagungsstandorten in [&hellip;]<\/p>\n","protected":false},"author":23,"featured_media":12673094,"comment_status":"closed","ping_status":"closed","sticky":false,"template":"","format":"standard","meta":[],"acf":[],"yoast_head":"<!-- This site is optimized with the Yoast SEO Premium plugin v20.3 (Yoast SEO v20.3) - https:\/\/yoast.com\/wordpress\/plugins\/seo\/ -->\n<title>Zug \u2013 Smart City &amp; Sustainability | luzern-seminarhotels.ch | Seminarhotels in Luzern<\/title>\n<meta name=\"description\" content=\"Zug combines smart city initiatives, sustainability, and local connections: Discover connected venues for seminars, conferences, and smart event concepts.\" \/>\n<meta name=\"robots\" content=\"index, follow, max-snippet:-1, max-image-preview:large, max-video-preview:-1\" \/>\n<link rel=\"canonical\" href=\"https:\/\/zuerich-seminarhotels.ch\/en\/news\/zug-smart-city-sustainability-sustainable-and-connected-venues-for-smart-event-concepts\/\" \/>\n<meta property=\"og:locale\" content=\"de_DE\" \/>\n<meta property=\"og:type\" content=\"article\" \/>\n<meta property=\"og:title\" content=\"Zug \u2013 Smart City &amp; Nachhaltigkeit: Nachhaltige und vernetzte Locations f\u00fcr smarte Eventkonzepte\" \/>\n<meta property=\"og:description\" content=\"Zug combines smart city initiatives, sustainability, and local connections: Discover connected venues for seminars, conferences, and smart event concepts.\" \/>\n<meta property=\"og:url\" content=\"https:\/\/zuerich-seminarhotels.ch\/en\/news\/zug-smart-city-sustainability-sustainable-and-connected-venues-for-smart-event-concepts\/\" \/>\n<meta property=\"og:site_name\" content=\"luzern-seminarhotels.ch\" \/>\n<meta property=\"article:published_time\" content=\"2026-03-17T05:54:39+00:00\" \/>\n<meta property=\"og:image\" content=\"https:\/\/zuerich-seminarhotels.ch\/wp-content\/uploads\/2026\/03\/zug-02.jpg\" \/>\n\t<meta property=\"og:image:width\" content=\"1920\" \/>\n\t<meta property=\"og:image:height\" content=\"1200\" \/>\n\t<meta property=\"og:image:type\" content=\"image\/jpeg\" \/>\n<meta name=\"author\" content=\"Astrid Berndt\" \/>\n<meta name=\"twitter:card\" content=\"summary_large_image\" \/>\n<meta name=\"twitter:label1\" content=\"Verfasst von\" \/>\n\t<meta name=\"twitter:data1\" content=\"Astrid Berndt\" \/>\n\t<meta name=\"twitter:label2\" content=\"Gesch\u00e4tzte Lesezeit\" \/>\n\t<meta name=\"twitter:data2\" content=\"7 Minuten\" \/>\n<script type=\"application\/ld+json\" class=\"yoast-schema-graph\">{\"@context\":\"https:\/\/schema.org\",\"@graph\":[{\"@type\":\"WebPage\",\"@id\":\"https:\/\/zuerich-seminarhotels.ch\/en\/news\/zug-smart-city-sustainability-sustainable-and-connected-venues-for-smart-event-concepts\/\",\"url\":\"https:\/\/zuerich-seminarhotels.ch\/en\/news\/zug-smart-city-sustainability-sustainable-and-connected-venues-for-smart-event-concepts\/\",\"name\":\"Zug \u2013 Smart City & Sustainability | luzern-seminarhotels.ch\",\"isPartOf\":{\"@id\":\"https:\/\/luzern-seminarhotels.ch\/de\/#website\"},\"datePublished\":\"2026-03-17T05:54:39+00:00\",\"dateModified\":\"2026-03-17T05:54:39+00:00\",\"author\":{\"@id\":\"https:\/\/luzern-seminarhotels.ch\/de\/#\/schema\/person\/35718d21a2fbda0c853ab49baa0b2b85\"},\"description\":\"Zug combines smart city initiatives, sustainability, and local connections: Discover connected venues for seminars, conferences, and smart event concepts.\",\"breadcrumb\":{\"@id\":\"https:\/\/zuerich-seminarhotels.ch\/en\/news\/zug-smart-city-sustainability-sustainable-and-connected-venues-for-smart-event-concepts\/#breadcrumb\"},\"inLanguage\":\"de-DE\",\"potentialAction\":[{\"@type\":\"ReadAction\",\"target\":[\"https:\/\/zuerich-seminarhotels.ch\/en\/news\/zug-smart-city-sustainability-sustainable-and-connected-venues-for-smart-event-concepts\/\"]}]},{\"@type\":\"BreadcrumbList\",\"@id\":\"https:\/\/zuerich-seminarhotels.ch\/en\/news\/zug-smart-city-sustainability-sustainable-and-connected-venues-for-smart-event-concepts\/#breadcrumb\",\"itemListElement\":[{\"@type\":\"ListItem\",\"position\":1,\"name\":\"Home\",\"item\":\"https:\/\/luzern-seminarhotels.ch\/de\/\"},{\"@type\":\"ListItem\",\"position\":2,\"name\":\"News\",\"item\":\"https:\/\/luzern-seminarhotels.ch\/de\/news\/\"},{\"@type\":\"ListItem\",\"position\":3,\"name\":\"Zug \u2013 Smart City &#038; Nachhaltigkeit: Nachhaltige und vernetzte Locations f\u00fcr smarte Eventkonzepte\"}]},{\"@type\":\"WebSite\",\"@id\":\"https:\/\/luzern-seminarhotels.ch\/de\/#website\",\"url\":\"https:\/\/luzern-seminarhotels.ch\/de\/\",\"name\":\"luzern-seminarhotels.ch\",\"description\":\"\",\"potentialAction\":[{\"@type\":\"SearchAction\",\"target\":{\"@type\":\"EntryPoint\",\"urlTemplate\":\"https:\/\/luzern-seminarhotels.ch\/de\/?s={search_term_string}\"},\"query-input\":\"required name=search_term_string\"}],\"inLanguage\":\"de-DE\"},{\"@type\":\"Person\",\"@id\":\"https:\/\/luzern-seminarhotels.ch\/de\/#\/schema\/person\/35718d21a2fbda0c853ab49baa0b2b85\",\"name\":\"Astrid Berndt\",\"image\":{\"@type\":\"ImageObject\",\"inLanguage\":\"de-DE\",\"@id\":\"https:\/\/luzern-seminarhotels.ch\/de\/#\/schema\/person\/image\/\",\"url\":\"https:\/\/luzern-seminarhotels.ch\/wp-content\/wphb-cache\/gravatar\/b4c\/b4c156856ee8cdb259c915ca6adc2041x96.jpg\",\"contentUrl\":\"https:\/\/luzern-seminarhotels.ch\/wp-content\/wphb-cache\/gravatar\/b4c\/b4c156856ee8cdb259c915ca6adc2041x96.jpg\",\"caption\":\"Astrid Berndt\"}}]}<\/script>\n<!-- \/ Yoast SEO Premium plugin. -->","yoast_head_json":{"title":"Zug \u2013 Smart City & Sustainability | luzern-seminarhotels.ch | Seminarhotels in Luzern","description":"Zug combines smart city initiatives, sustainability, and local connections: Discover connected venues for seminars, conferences, and smart event concepts.","robots":{"index":"index","follow":"follow","max-snippet":"max-snippet:-1","max-image-preview":"max-image-preview:large","max-video-preview":"max-video-preview:-1"},"canonical":"https:\/\/zuerich-seminarhotels.ch\/en\/news\/zug-smart-city-sustainability-sustainable-and-connected-venues-for-smart-event-concepts\/","og_locale":"de_DE","og_type":"article","og_title":"Zug \u2013 Smart City & Nachhaltigkeit: Nachhaltige und vernetzte Locations f\u00fcr smarte Eventkonzepte","og_description":"Zug combines smart city initiatives, sustainability, and local connections: Discover connected venues for seminars, conferences, and smart event concepts.","og_url":"https:\/\/zuerich-seminarhotels.ch\/en\/news\/zug-smart-city-sustainability-sustainable-and-connected-venues-for-smart-event-concepts\/","og_site_name":"luzern-seminarhotels.ch","article_published_time":"2026-03-17T05:54:39+00:00","og_image":[{"width":1920,"height":1200,"url":"https:\/\/zuerich-seminarhotels.ch\/wp-content\/uploads\/2026\/03\/zug-02.jpg","type":"image\/jpeg"}],"author":"Astrid Berndt","twitter_card":"summary_large_image","twitter_misc":{"Verfasst von":"Astrid Berndt","Gesch\u00e4tzte Lesezeit":"7 Minuten"},"schema":{"@context":"https:\/\/schema.org","@graph":[{"@type":"WebPage","@id":"https:\/\/zuerich-seminarhotels.ch\/en\/news\/zug-smart-city-sustainability-sustainable-and-connected-venues-for-smart-event-concepts\/","url":"https:\/\/zuerich-seminarhotels.ch\/en\/news\/zug-smart-city-sustainability-sustainable-and-connected-venues-for-smart-event-concepts\/","name":"Zug \u2013 Smart City & Sustainability | luzern-seminarhotels.ch","isPartOf":{"@id":"https:\/\/luzern-seminarhotels.ch\/de\/#website"},"datePublished":"2026-03-17T05:54:39+00:00","dateModified":"2026-03-17T05:54:39+00:00","author":{"@id":"https:\/\/luzern-seminarhotels.ch\/de\/#\/schema\/person\/35718d21a2fbda0c853ab49baa0b2b85"},"description":"Zug combines smart city initiatives, sustainability, and local connections: Discover connected venues for seminars, conferences, and smart event concepts.","breadcrumb":{"@id":"https:\/\/zuerich-seminarhotels.ch\/en\/news\/zug-smart-city-sustainability-sustainable-and-connected-venues-for-smart-event-concepts\/#breadcrumb"},"inLanguage":"de-DE","potentialAction":[{"@type":"ReadAction","target":["https:\/\/zuerich-seminarhotels.ch\/en\/news\/zug-smart-city-sustainability-sustainable-and-connected-venues-for-smart-event-concepts\/"]}]},{"@type":"BreadcrumbList","@id":"https:\/\/zuerich-seminarhotels.ch\/en\/news\/zug-smart-city-sustainability-sustainable-and-connected-venues-for-smart-event-concepts\/#breadcrumb","itemListElement":[{"@type":"ListItem","position":1,"name":"Home","item":"https:\/\/luzern-seminarhotels.ch\/de\/"},{"@type":"ListItem","position":2,"name":"News","item":"https:\/\/luzern-seminarhotels.ch\/de\/news\/"},{"@type":"ListItem","position":3,"name":"Zug \u2013 Smart City &#038; Nachhaltigkeit: Nachhaltige und vernetzte Locations f\u00fcr smarte Eventkonzepte"}]},{"@type":"WebSite","@id":"https:\/\/luzern-seminarhotels.ch\/de\/#website","url":"https:\/\/luzern-seminarhotels.ch\/de\/","name":"luzern-seminarhotels.ch","description":"","potentialAction":[{"@type":"SearchAction","target":{"@type":"EntryPoint","urlTemplate":"https:\/\/luzern-seminarhotels.ch\/de\/?s={search_term_string}"},"query-input":"required name=search_term_string"}],"inLanguage":"de-DE"},{"@type":"Person","@id":"https:\/\/luzern-seminarhotels.ch\/de\/#\/schema\/person\/35718d21a2fbda0c853ab49baa0b2b85","name":"Astrid Berndt","image":{"@type":"ImageObject","inLanguage":"de-DE","@id":"https:\/\/luzern-seminarhotels.ch\/de\/#\/schema\/person\/image\/","url":"https:\/\/luzern-seminarhotels.ch\/wp-content\/wphb-cache\/gravatar\/b4c\/b4c156856ee8cdb259c915ca6adc2041x96.jpg","contentUrl":"https:\/\/luzern-seminarhotels.ch\/wp-content\/wphb-cache\/gravatar\/b4c\/b4c156856ee8cdb259c915ca6adc2041x96.jpg","caption":"Astrid Berndt"}}]}},"_links":{"self":[{"href":"https:\/\/luzern-seminarhotels.ch\/de\/wp-json\/wp\/v2\/posts\/12673069"}],"collection":[{"href":"https:\/\/luzern-seminarhotels.ch\/de\/wp-json\/wp\/v2\/posts"}],"about":[{"href":"https:\/\/luzern-seminarhotels.ch\/de\/wp-json\/wp\/v2\/types\/post"}],"author":[{"embeddable":true,"href":"https:\/\/luzern-seminarhotels.ch\/de\/wp-json\/wp\/v2\/users\/23"}],"replies":[{"embeddable":true,"href":"https:\/\/luzern-seminarhotels.ch\/de\/wp-json\/wp\/v2\/comments?post=12673069"}],"version-history":[{"count":2,"href":"https:\/\/luzern-seminarhotels.ch\/de\/wp-json\/wp\/v2\/posts\/12673069\/revisions"}],"predecessor-version":[{"id":12673136,"href":"https:\/\/luzern-seminarhotels.ch\/de\/wp-json\/wp\/v2\/posts\/12673069\/revisions\/12673136"}],"wp:featuredmedia":[{"embeddable":true,"href":"https:\/\/luzern-seminarhotels.ch\/de\/wp-json\/wp\/v2\/media\/12673094"}],"wp:attachment":[{"href":"https:\/\/luzern-seminarhotels.ch\/de\/wp-json\/wp\/v2\/media?parent=12673069"}],"curies":[{"name":"wp","href":"https:\/\/api.w.org\/{rel}","templated":true}]}}