{"id":10899280,"date":"2025-10-23T11:50:08","date_gmt":"2025-10-23T09:50:08","guid":{"rendered":"https:\/\/seminarhotels-schweiz.com\/de\/?p=10899280"},"modified":"2025-10-23T11:52:01","modified_gmt":"2025-10-23T09:52:01","slug":"seminarhotels-in-luzern-ihre-tagungsdestination-am-vierwaldstaettersee","status":"publish","type":"post","link":"https:\/\/luzern-seminarhotels.ch\/de\/news\/seminarhotels-in-luzern-ihre-tagungsdestination-am-vierwaldstaettersee\/","title":{"rendered":"Seminarhotels in Luzern \u2013 Ihre Tagungsdestination am Vierwaldst\u00e4ttersee"},"content":{"rendered":"<p>Luzern ist eine der attraktivsten St\u00e4dte der Schweiz f\u00fcr Meetings, Seminare und Events. Die Stadt am Vierwaldst\u00e4ttersee vereint internationale Erreichbarkeit, Schweizer Qualit\u00e4t und eine Umgebung, die inspiriert. Wer ein <a href=\"https:\/\/luzern-seminarhotels.ch\/de\/hotels\/\"><strong>Seminarhotel in Luzern<\/strong><\/a> bucht, profitiert von professionellen Tagungsr\u00e4umen, einem vielseitigen Rahmenprogramm und der unverwechselbaren Atmosph\u00e4re von Stadt und Region.<\/p>\n<h2>Warum ein Seminarhotel in Luzern buchen?<\/h2>\n<p>Die Anreise nach Luzern ist einfach. Von Z\u00fcrich erreichen G\u00e4ste die Stadt in weniger als einer Stunde mit Bahn oder Auto. Auch internationale Teilnehmende profitieren von der N\u00e4he zum Flughafen Z\u00fcrich. Vor Ort \u00fcberzeugt Luzern mit kurzen Wegen: Viele Tagungshotels in Luzern liegen im Zentrum, nur wenige Minuten vom Bahnhof, See oder der Altstadt entfernt.<\/p>\n<p>Seminarhotels in Luzern bieten moderne Meetingr\u00e4ume, Tageslicht, Highspeed-WLAN und flexible Raumkonzepte. Ob Workshop, Konferenz oder Kunden-Event \u2013 in Luzern finden Sie die passende Location.<\/p>\n<h2>Luzern \u2013 Stadt, See und Berge als Kulisse<\/h2>\n<p>Die Region Zentralschweiz macht Ihre Veranstaltung zu einem besonderen Erlebnis. Direkt vor den T\u00fcren des Seminarhotels warten der Vierwaldst\u00e4ttersee und die Alpen. Diese Kombination schafft eine inspirierende Atmosph\u00e4re, die Kreativit\u00e4t und Austausch f\u00f6rdert. W\u00e4hrend der Pausen oder nach dem Seminar l\u00e4dt die Altstadt mit der ber\u00fchmten Kapellbr\u00fccke, dem Museggmauer-Rundgang oder einem Spaziergang am See zum Entdecken ein.<\/p>\n<h2>Rahmenprogramme in Luzern<\/h2>\n<p>Ein Event in Luzern gewinnt durch <a href=\"https:\/\/luzern-seminarhotels.ch\/de\/rahmenprogramme\/\">ein passendes Rahmenprogramm<\/a> noch mehr Wirkung. Beliebt sind zum Beispiel:<\/p>\n<ul>\n<li><strong>Schifffahrt auf dem Vierwaldst\u00e4ttersee<\/strong> mit Ap\u00e9ro oder Dinner an Bord.<\/li>\n<li><strong>Besuch im <a href=\"https:\/\/luzern-seminarhotels.ch\/de\/rahmenprogramm\/das-verkehrshaus-der-schweiz\/\">Verkehrshaus der Schweiz<\/a><\/strong> mit interaktiven Erlebnissen rund um Mobilit\u00e4t und Innovation.<\/li>\n<li><strong>Ausflug auf den Pilatus oder die Rigi<\/strong>, zwei der bekanntesten Berge der Zentralschweiz.<\/li>\n<li><strong>Team-Events in der Altstadt<\/strong> wie Schatzsuchen, kulinarische Touren oder eine historische Stadtf\u00fchrung.<\/li>\n<li><strong>Schokoladen-Workshops<\/strong>, die Genuss und Kreativit\u00e4t verbinden.<\/li>\n<\/ul>\n<p>So werden Seminare und Tagungen in Luzern nicht nur produktiv, sondern auch unvergesslich.<\/p>\n<h2>Seminare in Luzern \u2013 Die Vorteile im \u00dcberblick<\/h2>\n<ul>\n<li><strong>Zentrale Lage:<\/strong> schnelle Erreichbarkeit aus allen Richtungen.<\/li>\n<li><strong>Vielfalt an Seminarhotels:<\/strong> vom Boutiquehotel bis zum grossen Kongresszentrum.<\/li>\n<li><strong>Professionelle Infrastruktur:<\/strong> moderne Technik und flexible Raumkonzepte.<\/li>\n<li><strong>Rahmenprogramme in der Region:<\/strong> See, Berge, Kultur und Kulinarik.<\/li>\n<li><strong>Inspirierende Umgebung:<\/strong> ideale Balance zwischen Arbeit und Erlebnis.<\/li>\n<\/ul>\n<h2>Seminarhotel in Luzern buchen<\/h2>\n<p>Ein <a href=\"https:\/\/luzern-seminarhotels.ch\/de\/\">Seminarhotel in Luzern<\/a> ist die richtige Wahl f\u00fcr Unternehmen, die ihre Veranstaltung professionell und gleichzeitig inspirierend gestalten m\u00f6chten. Die Stadt bietet die perfekte Mischung aus Business-Infrastruktur und einzigartiger Umgebung. Nutzen Sie die Vorteile der Zentralschweiz f\u00fcr Ihre n\u00e4chste Tagung, Ihr Seminar oder Ihren Workshop.<\/p>\n<p>Planen Sie jetzt Ihre Veranstaltung in Luzern \u2013 wir beraten Sie pers\u00f6nlich bei der Auswahl des passenden Tagungshotels und stellen Ihnen auf Wunsch ein individuelles Rahmenprogramm zusammen.<\/p>\n<p><!-- notionvc: 81739a08-20fc-45e5-8945-120e0d4b4628 --><\/p>","protected":false},"excerpt":{"rendered":"<p>Luzern ist eine der attraktivsten St\u00e4dte der Schweiz f\u00fcr Meetings, Seminare und Events. Die Stadt am Vierwaldst\u00e4ttersee vereint internationale Erreichbarkeit, Schweizer Qualit\u00e4t und eine Umgebung, die inspiriert. Wer ein Seminarhotel in Luzern bucht, profitiert von professionellen Tagungsr\u00e4umen, einem vielseitigen Rahmenprogramm und der unverwechselbaren Atmosph\u00e4re von Stadt und Region. Warum ein Seminarhotel in Luzern buchen? Die [&hellip;]<\/p>\n","protected":false},"author":23,"featured_media":10899367,"comment_status":"closed","ping_status":"closed","sticky":false,"template":"","format":"standard","meta":[],"acf":[],"yoast_head":"<!-- This site is optimized with the Yoast SEO Premium plugin v20.3 (Yoast SEO v20.3) - https:\/\/yoast.com\/wordpress\/plugins\/seo\/ -->\n<title>Seminarhotels in Luzern \u2013 Seminare in der Zentralschweiz | Seminarhotels in Luzern<\/title>\n<meta name=\"description\" content=\"Seminarhotel in Luzern buchen: Top-Tagungshotels, moderne R\u00e4ume und inspirierende Rahmenprogramme in Stadt und Region Zentralschweiz.\" \/>\n<meta name=\"robots\" content=\"index, follow, max-snippet:-1, max-image-preview:large, max-video-preview:-1\" \/>\n<link rel=\"canonical\" href=\"https:\/\/seminarhotels-schweiz.com\/de\/news\/seminarhotels-in-luzern-ihre-tagungsdestination-am-vierwaldstaettersee\/\" \/>\n<meta property=\"og:locale\" content=\"de_DE\" \/>\n<meta property=\"og:type\" content=\"article\" \/>\n<meta property=\"og:title\" content=\"Seminarhotels in Luzern \u2013 Ihre Tagungsdestination am Vierwaldst\u00e4ttersee\" \/>\n<meta property=\"og:description\" content=\"Seminarhotel in Luzern buchen: Top-Tagungshotels, moderne R\u00e4ume und inspirierende Rahmenprogramme in Stadt und Region Zentralschweiz.\" \/>\n<meta property=\"og:url\" content=\"https:\/\/seminarhotels-schweiz.com\/de\/news\/seminarhotels-in-luzern-ihre-tagungsdestination-am-vierwaldstaettersee\/\" \/>\n<meta property=\"article:published_time\" content=\"2025-10-23T09:50:08+00:00\" \/>\n<meta property=\"article:modified_time\" content=\"2025-10-23T09:52:01+00:00\" \/>\n<meta property=\"og:image\" content=\"https:\/\/seminarhotels-schweiz.com\/wp-content\/uploads\/2025\/10\/seminarhotels-in-luzern-03.jpg\" \/>\n\t<meta property=\"og:image:width\" content=\"1920\" \/>\n\t<meta property=\"og:image:height\" content=\"1200\" \/>\n\t<meta property=\"og:image:type\" content=\"image\/jpeg\" \/>\n<meta name=\"author\" content=\"Astrid Berndt\" \/>\n<meta name=\"twitter:card\" content=\"summary_large_image\" \/>\n<meta name=\"twitter:label1\" content=\"Verfasst von\" \/>\n\t<meta name=\"twitter:data1\" content=\"Astrid Berndt\" \/>\n\t<meta name=\"twitter:label2\" content=\"Gesch\u00e4tzte Lesezeit\" \/>\n\t<meta name=\"twitter:data2\" content=\"4 Minuten\" \/>\n<script type=\"application\/ld+json\" class=\"yoast-schema-graph\">{\"@context\":\"https:\/\/schema.org\",\"@graph\":[{\"@type\":\"WebPage\",\"@id\":\"https:\/\/seminarhotels-schweiz.com\/de\/news\/seminarhotels-in-luzern-ihre-tagungsdestination-am-vierwaldstaettersee\/\",\"url\":\"https:\/\/seminarhotels-schweiz.com\/de\/news\/seminarhotels-in-luzern-ihre-tagungsdestination-am-vierwaldstaettersee\/\",\"name\":\"Seminarhotels in Luzern \u2013 Seminare in der Zentralschweiz\",\"isPartOf\":{\"@id\":\"https:\/\/innsbruck-tagungshotels.at\/en\/#website\"},\"datePublished\":\"2025-10-23T09:50:08+00:00\",\"dateModified\":\"2025-10-23T09:52:01+00:00\",\"author\":{\"@id\":\"https:\/\/innsbruck-tagungshotels.at\/en\/#\/schema\/person\/35718d21a2fbda0c853ab49baa0b2b85\"},\"description\":\"Seminarhotel in Luzern buchen: Top-Tagungshotels, moderne R\u00e4ume und inspirierende Rahmenprogramme in Stadt und Region Zentralschweiz.\",\"breadcrumb\":{\"@id\":\"https:\/\/seminarhotels-schweiz.com\/de\/news\/seminarhotels-in-luzern-ihre-tagungsdestination-am-vierwaldstaettersee\/#breadcrumb\"},\"inLanguage\":\"de-DE\",\"potentialAction\":[{\"@type\":\"ReadAction\",\"target\":[\"https:\/\/seminarhotels-schweiz.com\/de\/news\/seminarhotels-in-luzern-ihre-tagungsdestination-am-vierwaldstaettersee\/\"]}]},{\"@type\":\"BreadcrumbList\",\"@id\":\"https:\/\/seminarhotels-schweiz.com\/de\/news\/seminarhotels-in-luzern-ihre-tagungsdestination-am-vierwaldstaettersee\/#breadcrumb\",\"itemListElement\":[{\"@type\":\"ListItem\",\"position\":1,\"name\":\"Home\",\"item\":\"https:\/\/innsbruck-tagungshotels.at\/en\/\"},{\"@type\":\"ListItem\",\"position\":2,\"name\":\"News\",\"item\":\"https:\/\/luzern-seminarhotels.ch\/de\/news\/\"},{\"@type\":\"ListItem\",\"position\":3,\"name\":\"Seminarhotels in Luzern \u2013 Ihre Tagungsdestination am Vierwaldst\u00e4ttersee\"}]},{\"@type\":\"WebSite\",\"@id\":\"https:\/\/innsbruck-tagungshotels.at\/en\/#website\",\"url\":\"https:\/\/innsbruck-tagungshotels.at\/en\/\",\"name\":\"luzern-seminarhotels.ch\",\"description\":\"\",\"potentialAction\":[{\"@type\":\"SearchAction\",\"target\":{\"@type\":\"EntryPoint\",\"urlTemplate\":\"https:\/\/innsbruck-tagungshotels.at\/en\/?s={search_term_string}\"},\"query-input\":\"required name=search_term_string\"}],\"inLanguage\":\"de-DE\"},{\"@type\":\"Person\",\"@id\":\"https:\/\/innsbruck-tagungshotels.at\/en\/#\/schema\/person\/35718d21a2fbda0c853ab49baa0b2b85\",\"name\":\"Astrid Berndt\",\"image\":{\"@type\":\"ImageObject\",\"inLanguage\":\"de-DE\",\"@id\":\"https:\/\/innsbruck-tagungshotels.at\/en\/#\/schema\/person\/image\/\",\"url\":\"https:\/\/luzern-seminarhotels.ch\/wp-content\/wphb-cache\/gravatar\/b4c\/b4c156856ee8cdb259c915ca6adc2041x96.jpg\",\"contentUrl\":\"https:\/\/luzern-seminarhotels.ch\/wp-content\/wphb-cache\/gravatar\/b4c\/b4c156856ee8cdb259c915ca6adc2041x96.jpg\",\"caption\":\"Astrid Berndt\"}}]}<\/script>\n<!-- \/ Yoast SEO Premium plugin. -->","yoast_head_json":{"title":"Seminarhotels in Luzern \u2013 Seminare in der Zentralschweiz | Seminarhotels in Luzern","description":"Seminarhotel in Luzern buchen: Top-Tagungshotels, moderne R\u00e4ume und inspirierende Rahmenprogramme in Stadt und Region Zentralschweiz.","robots":{"index":"index","follow":"follow","max-snippet":"max-snippet:-1","max-image-preview":"max-image-preview:large","max-video-preview":"max-video-preview:-1"},"canonical":"https:\/\/seminarhotels-schweiz.com\/de\/news\/seminarhotels-in-luzern-ihre-tagungsdestination-am-vierwaldstaettersee\/","og_locale":"de_DE","og_type":"article","og_title":"Seminarhotels in Luzern \u2013 Ihre Tagungsdestination am Vierwaldst\u00e4ttersee","og_description":"Seminarhotel in Luzern buchen: Top-Tagungshotels, moderne R\u00e4ume und inspirierende Rahmenprogramme in Stadt und Region Zentralschweiz.","og_url":"https:\/\/seminarhotels-schweiz.com\/de\/news\/seminarhotels-in-luzern-ihre-tagungsdestination-am-vierwaldstaettersee\/","article_published_time":"2025-10-23T09:50:08+00:00","article_modified_time":"2025-10-23T09:52:01+00:00","og_image":[{"width":1920,"height":1200,"url":"https:\/\/seminarhotels-schweiz.com\/wp-content\/uploads\/2025\/10\/seminarhotels-in-luzern-03.jpg","type":"image\/jpeg"}],"author":"Astrid Berndt","twitter_card":"summary_large_image","twitter_misc":{"Verfasst von":"Astrid Berndt","Gesch\u00e4tzte Lesezeit":"4 Minuten"},"schema":{"@context":"https:\/\/schema.org","@graph":[{"@type":"WebPage","@id":"https:\/\/seminarhotels-schweiz.com\/de\/news\/seminarhotels-in-luzern-ihre-tagungsdestination-am-vierwaldstaettersee\/","url":"https:\/\/seminarhotels-schweiz.com\/de\/news\/seminarhotels-in-luzern-ihre-tagungsdestination-am-vierwaldstaettersee\/","name":"Seminarhotels in Luzern \u2013 Seminare in der Zentralschweiz","isPartOf":{"@id":"https:\/\/innsbruck-tagungshotels.at\/en\/#website"},"datePublished":"2025-10-23T09:50:08+00:00","dateModified":"2025-10-23T09:52:01+00:00","author":{"@id":"https:\/\/innsbruck-tagungshotels.at\/en\/#\/schema\/person\/35718d21a2fbda0c853ab49baa0b2b85"},"description":"Seminarhotel in Luzern buchen: Top-Tagungshotels, moderne R\u00e4ume und inspirierende Rahmenprogramme in Stadt und Region Zentralschweiz.","breadcrumb":{"@id":"https:\/\/seminarhotels-schweiz.com\/de\/news\/seminarhotels-in-luzern-ihre-tagungsdestination-am-vierwaldstaettersee\/#breadcrumb"},"inLanguage":"de-DE","potentialAction":[{"@type":"ReadAction","target":["https:\/\/seminarhotels-schweiz.com\/de\/news\/seminarhotels-in-luzern-ihre-tagungsdestination-am-vierwaldstaettersee\/"]}]},{"@type":"BreadcrumbList","@id":"https:\/\/seminarhotels-schweiz.com\/de\/news\/seminarhotels-in-luzern-ihre-tagungsdestination-am-vierwaldstaettersee\/#breadcrumb","itemListElement":[{"@type":"ListItem","position":1,"name":"Home","item":"https:\/\/innsbruck-tagungshotels.at\/en\/"},{"@type":"ListItem","position":2,"name":"News","item":"https:\/\/luzern-seminarhotels.ch\/de\/news\/"},{"@type":"ListItem","position":3,"name":"Seminarhotels in Luzern \u2013 Ihre Tagungsdestination am Vierwaldst\u00e4ttersee"}]},{"@type":"WebSite","@id":"https:\/\/innsbruck-tagungshotels.at\/en\/#website","url":"https:\/\/innsbruck-tagungshotels.at\/en\/","name":"luzern-seminarhotels.ch","description":"","potentialAction":[{"@type":"SearchAction","target":{"@type":"EntryPoint","urlTemplate":"https:\/\/innsbruck-tagungshotels.at\/en\/?s={search_term_string}"},"query-input":"required name=search_term_string"}],"inLanguage":"de-DE"},{"@type":"Person","@id":"https:\/\/innsbruck-tagungshotels.at\/en\/#\/schema\/person\/35718d21a2fbda0c853ab49baa0b2b85","name":"Astrid Berndt","image":{"@type":"ImageObject","inLanguage":"de-DE","@id":"https:\/\/innsbruck-tagungshotels.at\/en\/#\/schema\/person\/image\/","url":"https:\/\/luzern-seminarhotels.ch\/wp-content\/wphb-cache\/gravatar\/b4c\/b4c156856ee8cdb259c915ca6adc2041x96.jpg","contentUrl":"https:\/\/luzern-seminarhotels.ch\/wp-content\/wphb-cache\/gravatar\/b4c\/b4c156856ee8cdb259c915ca6adc2041x96.jpg","caption":"Astrid Berndt"}}]}},"_links":{"self":[{"href":"https:\/\/luzern-seminarhotels.ch\/de\/wp-json\/wp\/v2\/posts\/10899280"}],"collection":[{"href":"https:\/\/luzern-seminarhotels.ch\/de\/wp-json\/wp\/v2\/posts"}],"about":[{"href":"https:\/\/luzern-seminarhotels.ch\/de\/wp-json\/wp\/v2\/types\/post"}],"author":[{"embeddable":true,"href":"https:\/\/luzern-seminarhotels.ch\/de\/wp-json\/wp\/v2\/users\/23"}],"replies":[{"embeddable":true,"href":"https:\/\/luzern-seminarhotels.ch\/de\/wp-json\/wp\/v2\/comments?post=10899280"}],"version-history":[{"count":3,"href":"https:\/\/luzern-seminarhotels.ch\/de\/wp-json\/wp\/v2\/posts\/10899280\/revisions"}],"predecessor-version":[{"id":10899619,"href":"https:\/\/luzern-seminarhotels.ch\/de\/wp-json\/wp\/v2\/posts\/10899280\/revisions\/10899619"}],"wp:featuredmedia":[{"embeddable":true,"href":"https:\/\/luzern-seminarhotels.ch\/de\/wp-json\/wp\/v2\/media\/10899367"}],"wp:attachment":[{"href":"https:\/\/luzern-seminarhotels.ch\/de\/wp-json\/wp\/v2\/media?parent=10899280"}],"curies":[{"name":"wp","href":"https:\/\/api.w.org\/{rel}","templated":true}]}}